{"id":6053,"date":"2026-03-09T08:50:43","date_gmt":"2026-03-09T07:50:43","guid":{"rendered":"https:\/\/technologia.kpodr.pl\/?p=6053"},"modified":"2026-03-09T08:50:43","modified_gmt":"2026-03-09T07:50:43","slug":"6053","status":"publish","type":"post","link":"https:\/\/technologia.kpodr.pl\/index.php\/2026\/03\/09\/6053\/","title":{"rendered":"\ufeff"},"content":{"rendered":"\n<p id=\"block-9757a462-d759-461c-aaa8-47f8022fc962\"><strong>Nowe przepisy dotycz\u0105ce ASF \u2013 zmiany od 18 marca 2026 r.<\/strong><\/p>\n\n\n\n<p><\/p>\n\n\n\n<p>Ministerstwo Rolnictwa i Rozwoju Wsi przygotowa\u0142o <strong>nowe rozporz\u0105dzenie w sprawie \u015brodk\u00f3w zwalczania afryka\u0144skiego pomoru \u015bwi\u0144 (ASF)<\/strong>, kt\u00f3re ma wej\u015b\u0107 w \u017cycie <strong>z dniem 18 marca 2026 r.<\/strong> \u2013 <strong>wraz z wej\u015bciem w \u017cycie nowej ustawy o zdrowiu zwierz\u0105t<\/strong>, kt\u00f3ra zast\u0105pi dotychczasow\u0105 podstaw\u0119 prawn\u0105. Projekt zosta\u0142 opublikowany w wykazie prac legislacyjnych i zmierza przez \u015bcie\u017ck\u0119 ustawodawcz\u0105 do uchwalenia, tak aby zapewni\u0107 <strong>ci\u0105g\u0142o\u015b\u0107 obowi\u0105zywania zasad bioasekuracji ASF<\/strong> po zmianie przepis\u00f3w podstawowych.<\/p>\n\n\n\n<p>Nowe rozporz\u0105dzenie zasadniczo <strong>utrzymuje dotychczasowe zasady<\/strong> walki z ASF, jak obowi\u0105zki bioasekuracyjne znane z wcze\u015bniejszych przepis\u00f3w, ale <strong>dostosowuje je do nowej ustawy o zdrowiu zwierz\u0105t oraz unijnych akt\u00f3w wykonawczych<\/strong> i porz\u0105dkuje istniej\u0105ce regulacje w jednym akcie.<\/p>\n\n\n\n<p><strong>&nbsp;Co zostanie u\u015bci\u015blone od 18 marca 2026 r.<\/strong><\/p>\n\n\n\n<ul class=\"wp-block-list\">\n<li><strong>Bioasekuracja \u2013 doprecyzowane zasady<\/strong> \u2013 m.in. precyzyjne lokalizowanie mat dezynfekcyjnych przed wej\u015bciami do pomieszcze\u0144 ze \u015bwiniami oraz obowi\u0105zek skutecznej dezynfekcji os\u00f3b (mycie i dezynfekcja r\u0105k, obuwia) i sprz\u0119tu.<\/li>\n\n\n\n<li><strong>Rejestr os\u00f3b obs\u0142uguj\u0105cych \u015bwinie<\/strong> \u2013 obowi\u0105zek prowadzenia ewidencji wszystkich os\u00f3b wykonuj\u0105cych czynno\u015bci w gospodarstwie hodowlanym.<\/li>\n\n\n\n<li><strong>Kwestie pasz i karmienia<\/strong> \u2013 zakazy dotycz\u0105ce pasz pochodz\u0105cych z obszar\u00f3w obj\u0119tych restrykcjami oraz ich bezpieczne stosowanie w oparciu o okre\u015blone warunki nadal b\u0119d\u0105 obowi\u0105zywa\u0107, z doprecyzowanym uj\u0119ciem w przepisach.<\/li>\n\n\n\n<li><strong>Szerszy zakres dezynfekcji<\/strong> \u2013 m.in. obowi\u0105zki dezynfekcji pojazd\u00f3w i maszyn rolniczych w tym g\u0105sienicowych.<\/li>\n<\/ul>\n\n\n\n<p>Nowe regulacje <strong>nie wprowadzaj\u0105 rewolucyjnych zmian<\/strong>, lecz maj\u0105 uporz\u0105dkowa\u0107 i <strong>uszczelni\u0107 dotychczasowe wymagania bioasekuracyjne<\/strong>, tak aby by\u0142y zgodne z obowi\u0105zuj\u0105c\u0105 ustaw\u0105 o zdrowiu zwierz\u0105t i aktami Unii Europejskiej.<\/p>\n","protected":false},"excerpt":{"rendered":"<p>Nowe przepisy dotycz\u0105ce ASF \u2013 zmiany od 18 marca 2026 r. Ministerstwo Rolnictwa i Rozwoju Wsi przygotowa\u0142o nowe rozporz\u0105dzenie w<\/p>\n","protected":false},"author":1,"featured_media":5780,"comment_status":"closed","ping_status":"closed","sticky":false,"template":"","format":"standard","meta":{"colormag_page_container_layout":"default_layout","colormag_page_sidebar_layout":"default_layout","footnotes":""},"categories":[18,30],"tags":[],"class_list":["post-6053","post","type-post","status-publish","format-standard","has-post-thumbnail","hentry","category-aktualnosci","category-trzoda-chlewna"],"_links":{"self":[{"href":"https:\/\/technologia.kpodr.pl\/index.php\/wp-json\/wp\/v2\/posts\/6053","targetHints":{"allow":["GET"]}}],"collection":[{"href":"https:\/\/technologia.kpodr.pl\/index.php\/wp-json\/wp\/v2\/posts"}],"about":[{"href":"https:\/\/technologia.kpodr.pl\/index.php\/wp-json\/wp\/v2\/types\/post"}],"author":[{"embeddable":true,"href":"https:\/\/technologia.kpodr.pl\/index.php\/wp-json\/wp\/v2\/users\/1"}],"replies":[{"embeddable":true,"href":"https:\/\/technologia.kpodr.pl\/index.php\/wp-json\/wp\/v2\/comments?post=6053"}],"version-history":[{"count":1,"href":"https:\/\/technologia.kpodr.pl\/index.php\/wp-json\/wp\/v2\/posts\/6053\/revisions"}],"predecessor-version":[{"id":6054,"href":"https:\/\/technologia.kpodr.pl\/index.php\/wp-json\/wp\/v2\/posts\/6053\/revisions\/6054"}],"wp:featuredmedia":[{"embeddable":true,"href":"https:\/\/technologia.kpodr.pl\/index.php\/wp-json\/wp\/v2\/media\/5780"}],"wp:attachment":[{"href":"https:\/\/technologia.kpodr.pl\/index.php\/wp-json\/wp\/v2\/media?parent=6053"}],"wp:term":[{"taxonomy":"category","embeddable":true,"href":"https:\/\/technologia.kpodr.pl\/index.php\/wp-json\/wp\/v2\/categories?post=6053"},{"taxonomy":"post_tag","embeddable":true,"href":"https:\/\/technologia.kpodr.pl\/index.php\/wp-json\/wp\/v2\/tags?post=6053"}],"curies":[{"name":"wp","href":"https:\/\/api.w.org\/{rel}","templated":true}]}}