{"id":1282,"date":"2020-05-08T13:40:52","date_gmt":"2020-05-08T11:40:52","guid":{"rendered":"http:\/\/test2.kpodr.pl\/?p=1282"},"modified":"2020-05-12T13:24:37","modified_gmt":"2020-05-12T11:24:37","slug":"kiedy-siac-zboza-jare","status":"publish","type":"post","link":"https:\/\/technologia.kpodr.pl\/index.php\/2020\/05\/08\/kiedy-siac-zboza-jare\/","title":{"rendered":"Kiedy sia\u0107 zbo\u017ca jare?"},"content":{"rendered":"\n<p>W tym roku do po\u0142owy lutego zima nie narobi\u0142a du\u017cych szk\u00f3d ani w rzepaku ani w zbo\u017cach. Nie oznacza to, \u017ce w og\u00f3le nie b\u0119dzie strat \u2013 mog\u0105 si\u0119 zdarzy\u0107 puste place jako efekt lokalnych podtopie\u0144, suszy w okresie siewu czy szk\u00f3d wywo\u0142anych szkodnikami (np. \u0142oka\u015b garbatek itp.). B\u0119dziemy je uzupe\u0142nia\u0107 ro\u015blinami jarymi.<\/p>\n\n\n\n<p>Przypominam, \u017ce po rzepaku ozimym do likwidacji \u2013 je\u015bli by\u0142 jesieni\u0105 stosowany herbicyd \u2013 koniecznie trzeba sprawdzi\u0107 czy przesiewany gatunek i odmiana nie jest wra\u017cliwa na ten herbicyd.<\/p>\n\n\n\n<p>Dob\u00f3r w\u0142a\u015bciwych odmian do siewu niezale\u017cnie od gatunku ma zawsze du\u017ce znaczenie. W praktyce jest to wa\u017cne ze wzgl\u0119du na przeznaczenie przysz\u0142ego zbioru, ale i konieczno\u015b\u0107 dostosowania do istniej\u0105cych warunk\u00f3w glebowo-klimatycznych, w jakich gospodarstwo funkcjonuje. Odmiany r\u00f3\u017cnie reaguj\u0105 na miejsce wysiewu (gleba, uwilgotnienie, rozk\u0142ad temperatur) i stosowan\u0105 technologi\u0119. Odmiany cechuje zr\u00f3\u017cnicowana odporno\u015b\u0107 na choroby i wra\u017cliwo\u015b\u0107 na szkodniki, co jest jednym z element\u00f3w integrowanej ochrony ro\u015blin. Dlatego warto korzysta\u0107 z podpowiedzi Porejestrowego Do\u015bwiadczalnictwa Odmianowego. Wyniki corocznych do\u015bwiadcze\u0144 PDO stanowi\u0105 por\u00f3wnanie wybranych odmian w naturalnych warunkach i to na najbli\u017cszym nam obszarze (wojew\u00f3dztwie). Dlatego warto zapozna\u0107 si\u0119 z tymi wynikami, opublikowanymi przez Stacj\u0119 Do\u015bwiadczaln\u0105 Oceny Odmian w Chrz\u0105stowie.<\/p>\n\n\n\n<p>Wa\u017cne jest tak\u017ce to, \u017ce PDO uwzgl\u0119dnia dost\u0119pno\u015b\u0107 nasion na rynku lokalnym, natomiast najnowsze odmiany, kt\u00f3re prezentuje w ka\u017cdym roku COBORU S\u0142upia Wielka&nbsp; przewa\u017cnie dopiero wchodz\u0105 na rynek, dlatego dost\u0119pno\u015b\u0107 takiego ziarna siewnego jest znikoma i ograniczona g\u0142\u00f3wnie do gospodarstw prowadz\u0105cych reprodukcj\u0119. Na nabycie nowo\u015bci mamy wi\u0119c szans\u0119 dopiero po pewnym czasie, dlatego warto mie\u0107 kontakt bezpo\u015bredni z gospodarstwami prowadz\u0105cymi reprodukcj\u0119 oraz sprzedawcami nasion. Dni Pola organizowane przez o\u015brodki doradztwa rolniczego czy bezpo\u015brednio przez firmy hodowlane to tak\u017ce bardzo dobre miejsce na zasi\u0119gni\u0119cie informacji odmianowej.<\/p>\n\n\n\n<p>W ostatnich latach mamy problemy z brakiem wody w okresie wegetacji, dlatego bardzo wa\u017cne wiosn\u0105 s\u0105 takie agrotechniczne zabiegi, jak:<\/p>\n\n\n\n<p>&#8211; przygotowanie pola do siewu przy mo\u017cliwie najmniejszej liczbie zabieg\u00f3w uprawowych (ka\u017cdy zabieg to utrata wilgoci);<\/p>\n\n\n\n<p>&#8211; termin siewu: im wcze\u015bniejszy, tym lepszy;<\/p>\n\n\n\n<p>&#8211; g\u0142\u0119boko\u015b\u0107 siewu i obsada ro\u015blin \u2013 optymalne dla gatunku i odmiany. Dotyczy to praktycznie wszystkich gatunk\u00f3w.<\/p>\n\n\n\n<p>Oczywi\u015bcie wyst\u0119puje pewne ryzyko (kwietniowe i majowe&nbsp; przymrozki \u2013 zawsze przynosz\u0105 jakie\u015b straty). Dodatkowym problemem, jaki wyst\u0119puje na polach ozimych zb\u00f3\u017c i rzepaku po lekkiej zimie, takiej jak w tym roku, to zdecydowanie wi\u0119ksze nasilenie chor\u00f3b i szkodnik\u00f3w (ju\u017c od jesieni, zw\u0142aszcza na polach przy wcze\u015bniejszych siewach) oraz zwi\u0119kszona presja chwast\u00f3w. Dlatego wczesna lustracja p\u00f3l i wczesne zabiegi ochronne w tym roku prawdopodobnie b\u0119d\u0105 norm\u0105.&nbsp;<\/p>\n\n\n\n<p>W praktyce jest wa\u017cne przeznaczenie przysz\u0142ego plonu, ale i konieczno\u015b\u0107 dostosowania do istniej\u0105cych warunk\u00f3w glebowo-klimatycznych, w jakich gospodarstwo funkcjonuje.<\/p>\n\n\n\n<p>Pszenica jara zazwyczaj gwarantuje wysok\u0105 jako\u015b\u0107 wypiekow\u0105 m\u0105ki, gdy\u017c wi\u0119kszo\u015b\u0107 odmian tej formy ma zdecydowanie wy\u017csz\u0105 jako\u015b\u0107 piekarnicz\u0105. Nie ma jednak pe\u0142nej gwarancji osi\u0105gni\u0119cia wymaganych parametr\u00f3w jako\u015bciowych, natomiast ro\u015bnie prawdopodobie\u0144stwo ich uzyskania wraz ze wzrostem cech genetycznych. Dlatego wysiew pszenicy z grupy E (elitarna o najwy\u017cszych parametrach cech piekarniczych) i A (bardzo dobra chlebowa) daje bez por\u00f3wnania wi\u0119ksz\u0105 szans\u0119 uzyskania dobrej jako\u015bci, ni\u017c gdy zasiejemy odmiany z grupy B (chlebowa o przeci\u0119tnych parametrach) lub C (na pasz\u0119).\u00a0 Pszenic\u0119 jar\u0105 nale\u017cy zasia\u0107 najwcze\u015bniej jak si\u0119 da. Jest to wa\u017cne ze wzgl\u0119du na wilgo\u0107 obecn\u0105 w glebie oraz d\u0142u\u017cszy okres od wschod\u00f3w do dojrza\u0142o\u015bci pe\u0142nej ni\u017c w przypadku j\u0119czmienia.<\/p>\n\n\n\n<p>Pszen\u017cyto jare jest gatunkiem zbo\u017ca paszowego o lepszych parametrach \u017cywieniowych ni\u017c \u017cyto czy pszen\u017cyto ozime. Ten gatunek mo\u017ce da\u0107 bardzo dobre wyniki plonu w dobrej jako\u015bci paszowej w warunkach gleb przeci\u0119tnych i s\u0142abszych, zw\u0142aszcza je\u015bli nie zd\u0105\u017cyli\u015bmy wysia\u0107 ozimin. Du\u017ce znaczenie dla osi\u0105gni\u0119cia tego celu ma termin siewu (jak najwcze\u015bniejszy), ze wzgl\u0119du na wi\u0119ksze zapotrzebowanie na wilgo\u0107 oraz d\u0142u\u017cszy okres wegetacji ni\u017c pozosta\u0142e zbo\u017ca jare, nawet ni\u017c pszenica jara (210\u2013212 dni do dojrza\u0142o\u015bci pe\u0142nej).<\/p>\n\n\n\n<p>J\u0119czmie\u0144 jary zajmuje du\u017cy area\u0142 w naszym wojew\u00f3dztwie i uprawiany jest zar\u00f3wno na pasz\u0119 w siewie czystym i mieszankach, jak i do cel\u00f3w browarniczych.<\/p>\n\n\n\n<p>W przypadku j\u0119czmienia problemu r\u00f3\u017cnic plonowania odmian praktycznie nie ma, poniewa\u017c odmiany browarne plonuj\u0105 podobnie, a nawet lepiej jak pastewne. W obr\u0119bie tego gatunku zr\u00f3\u017cnicowanie plonowania odmian praktycznie nie przekracza 10% plonu. Du\u017ca cz\u0119\u015b\u0107 j\u0119czmienia wysiewana jest tak\u017ce w mieszankach z owsem i innymi gatunkami zb\u00f3\u017c i ro\u015blin str\u0105czkowych, g\u0142\u00f3wnie na pasz\u0119. Ten gatunek te\u017c powinni\u015bmy sia\u0107 wcze\u015bnie, ale nieco p\u00f3\u017aniej, w bardziej ogrzan\u0105 i suchsz\u0105 gleb\u0119 ni\u017c pszen\u017cyto jare i pszenic\u0119 jar\u0105. J\u0119czmie\u0144 woli, gdy przy siewie jest raczej sucho, a dobrze plonuje, gdy wilgoci jest pod dostatkiem, ale nie za du\u017co. Woli jak pada cz\u0119\u015bciej, ale po trochu.<\/p>\n\n\n\n<p>Owies lubi wilgo\u0107 i woli, gdy jest ch\u0142odniej, dlatego powinien by\u0107 siany jako pierwszy na wiosn\u0119. Kie\u0142kuje ju\u017c przy temp. 2\u20133oC cho\u0107 optymaln\u0105 temperatur\u0105 dla szybkiego pocz\u0105tkowego rozwoju jest 5\u20137oC. Ten specyficzny gatunek zbo\u017ca ma du\u017ce znaczenie, dlatego jego uprawa w naszym wojew\u00f3dztwie jest stosunkowo stabilna. Uprawiany jest zar\u00f3wno w siewie czystym, jak i w mieszankach.<\/p>\n\n\n\n<p>Warto\u015b\u0107 paszowa owsa jest nie do zast\u0105pienia, dlatego jest poszukiwany na rynku. Owies, to podstawowa i najwa\u017cniejsza pasza dla koni. Zwierz\u0119ta ch\u0119tnie zjadaj\u0105 s\u0142om\u0119 owsian\u0105 ze wzgl\u0119du na mniejszy udzia\u0142, w por\u00f3wnaniu do innych zb\u00f3\u017c, trudno strawnego w\u0142\u00f3kna. Jest wi\u0119c to jedna z podstawowych pasz obj\u0119to\u015bciowych dla byd\u0142a, k\u00f3z i owiec. Plewy owsiane przewy\u017cszaj\u0105 warto\u015bci\u0105 pokarmow\u0105 s\u0142om\u0119 i s\u0105 wykorzystywane r\u00f3wnie\u017c w \u017cywieniu trzody chlewnej. Opr\u00f3cz tego owies mo\u017ce by\u0107 skarmiany tak\u017ce na zielono sam lub w mieszankach tak\u017ce poplonowych. Ze wzgl\u0119du na w\u0142a\u015bciwo\u015bci fitosanitarne ch\u0119tnie uprawiany jest w p\u0142odozmianach z du\u017cym udzia\u0142em zb\u00f3\u017c.<\/p>\n\n\n\n<p>W wojew\u00f3dztwie kujawsko-pomorskim najkorzystniej jest, je\u015bli odpowiednie warunki do siewu wyst\u0105pi\u0105 w okresie 3. dekada marca \u2013 1. dekada kwietnia. Jest to najlepszy okres dla siewu jarych zb\u00f3\u017c, przy czym najpierw siejemy pszen\u017cyto jare i owies, nast\u0119pnie pszenic\u0119 jar\u0105, a na ko\u0144cu mieszanki i j\u0119czmie\u0144 jary.<\/p>\n\n\n\n<p>Optymalne terminy siewu zb\u00f3\u017c jarych wskazywane przez IUNG oraz IHAR<\/p>\n\n\n\n<ol class=\"wp-block-list\" type=\"1\"><li>owies i pszen\u017cyto jare&nbsp; &nbsp;&nbsp;&nbsp;&nbsp;&nbsp;&nbsp;&nbsp;&nbsp; 20\u201330 marca (do 3 IV)<\/li><li>pszenica jara&nbsp;&nbsp;&nbsp;&nbsp;&nbsp;&nbsp;&nbsp;&nbsp;&nbsp;&nbsp;&nbsp;&nbsp;&nbsp;&nbsp;&nbsp;&nbsp;&nbsp;&nbsp;&nbsp;&nbsp;&nbsp;&nbsp;&nbsp;&nbsp;&nbsp;&nbsp;&nbsp; 20\u201330 marca (do 10 IV)<\/li><li>j\u0119czmie\u0144 jary&nbsp;&nbsp;&nbsp;&nbsp;&nbsp;&nbsp;&nbsp;&nbsp;&nbsp;&nbsp;&nbsp; &nbsp;&nbsp;&nbsp;&nbsp;&nbsp;&nbsp;&nbsp;&nbsp; &nbsp;&nbsp;&nbsp;&nbsp;&nbsp;&nbsp;20 marca \u2013 5 kwietnia&nbsp; (do 10 IV)<\/li><\/ol>\n\n\n\n<p>Czy w tym roku siewy zb\u00f3\u017c jarych b\u0119d\u0105 przesuni\u0119te?<\/p>\n\n\n\n<p>Na to pytanie na razie nie ma odpowiedzi, jednak je\u015bli sia\u0107 b\u0119dziemy dopiero w 1. i 2. dekadzie kwietnia, plony mog\u0105 by\u0107 bardzo marne. Wielu ekspert\u00f3w przewiduje g\u0142\u0119boki deficyt wody w okresie wegetacji i wysokie temperatury wiosn\u0105 i latem. Deficyt wody gruntowej jest ju\u017c silnie odczuwalny.<\/p>\n\n\n\n<p>Czy mo\u017cna b\u0119dzie sia\u0107 wcze\u015bniej np. ju\u017c w 1.\u20132. dekadzie marca?&nbsp;<\/p>\n\n\n\n<p>Wszystko wskazuje, \u017ce tak, je\u015bli dalej b\u0119dzie ciep\u0142o i na koniec lutego, a w marcu nie przyjdzie zima \u2013 takie ryzyko zawsze istnieje.<\/p>\n\n\n\n<p class=\"has-text-align-right\">Marek Radzimierski<br>Kujawsko-Pomorski O\u015brodek Doradztwa Rolniczego<\/p>\n","protected":false},"excerpt":{"rendered":"<p>W tym roku do po\u0142owy lutego zima nie narobi\u0142a du\u017cych szk\u00f3d ani w rzepaku ani w zbo\u017cach. Nie oznacza to,<\/p>\n","protected":false},"author":1,"featured_media":1283,"comment_status":"open","ping_status":"open","sticky":false,"template":"","format":"standard","meta":{"colormag_page_container_layout":"default_layout","colormag_page_sidebar_layout":"default_layout","footnotes":""},"categories":[11],"tags":[],"class_list":["post-1282","post","type-post","status-publish","format-standard","has-post-thumbnail","hentry","category-zboza"],"_links":{"self":[{"href":"https:\/\/technologia.kpodr.pl\/index.php\/wp-json\/wp\/v2\/posts\/1282","targetHints":{"allow":["GET"]}}],"collection":[{"href":"https:\/\/technologia.kpodr.pl\/index.php\/wp-json\/wp\/v2\/posts"}],"about":[{"href":"https:\/\/technologia.kpodr.pl\/index.php\/wp-json\/wp\/v2\/types\/post"}],"author":[{"embeddable":true,"href":"https:\/\/technologia.kpodr.pl\/index.php\/wp-json\/wp\/v2\/users\/1"}],"replies":[{"embeddable":true,"href":"https:\/\/technologia.kpodr.pl\/index.php\/wp-json\/wp\/v2\/comments?post=1282"}],"version-history":[{"count":1,"href":"https:\/\/technologia.kpodr.pl\/index.php\/wp-json\/wp\/v2\/posts\/1282\/revisions"}],"predecessor-version":[{"id":1284,"href":"https:\/\/technologia.kpodr.pl\/index.php\/wp-json\/wp\/v2\/posts\/1282\/revisions\/1284"}],"wp:featuredmedia":[{"embeddable":true,"href":"https:\/\/technologia.kpodr.pl\/index.php\/wp-json\/wp\/v2\/media\/1283"}],"wp:attachment":[{"href":"https:\/\/technologia.kpodr.pl\/index.php\/wp-json\/wp\/v2\/media?parent=1282"}],"wp:term":[{"taxonomy":"category","embeddable":true,"href":"https:\/\/technologia.kpodr.pl\/index.php\/wp-json\/wp\/v2\/categories?post=1282"},{"taxonomy":"post_tag","embeddable":true,"href":"https:\/\/technologia.kpodr.pl\/index.php\/wp-json\/wp\/v2\/tags?post=1282"}],"curies":[{"name":"wp","href":"https:\/\/api.w.org\/{rel}","templated":true}]}}