{"id":4936,"date":"2023-05-09T13:02:10","date_gmt":"2023-05-09T11:02:10","guid":{"rendered":"https:\/\/technologia.kpodr.pl\/?p=4936"},"modified":"2023-05-09T13:03:47","modified_gmt":"2023-05-09T11:03:47","slug":"uproszczenia-dla-rolnikow-utrzymujacych-swinie-w-celu-produkcji-miesa-na-wlasny-uzytek","status":"publish","type":"post","link":"http:\/\/technologia.kpodr.pl\/index.php\/2023\/05\/09\/uproszczenia-dla-rolnikow-utrzymujacych-swinie-w-celu-produkcji-miesa-na-wlasny-uzytek\/","title":{"rendered":"Uproszczenia dla rolnik\u00f3w utrzymuj\u0105cych \u015bwinie w celu produkcji mi\u0119sa na w\u0142asny u\u017cytek"},"content":{"rendered":"\n<p><strong>Zgodnie z zapowiedzi\u0105 minister rolnictwa i rozwoju wsi Robert Telus 8 maja 2023 r. podpisa\u0142 rozporz\u0105dzenie, dzi\u0119ki kt\u00f3remu zostan\u0105 obni\u017cone wymagania dotycz\u0105ce chowu \u015bwi\u0144 utrzymywanych w celu produkcji mi\u0119sa na w\u0142asny u\u017cytek, tj. na w\u0142asne potrzeby, w tym chowu loch.<\/strong><\/p>\n\n\n\n<p>\u017ar\u00f3d\u0142o:<br><a href=\"https:\/\/www.gov.pl\/web\/rolnictwo\/uproszczenia-dla-rolnikow-utrzymujacych-swinie-w-celu-produkcji-miesa-na-wlasny-uzytek\">https:\/\/www.gov.pl\/web\/rolnictwo\/uproszczenia-dla-rolnikow-utrzymujacych-swinie-w-celu-produkcji-miesa-na-wlasny-uzytek<\/a><\/p>\n\n\n\n<h3 class=\"wp-block-heading\"><strong>Co si\u0119 zmienia?<\/strong><\/h3>\n\n\n\n<p>Zgodnie z rozporz\u0105dzeniem:<\/p>\n\n\n\n<ul class=\"wp-block-list\">\n<li>Nie b\u0119dzie konieczno\u015bci sporz\u0105dzenia przez posiadaczy zwierz\u0105t spisu posiadanych \u015bwi\u0144 z podzia\u0142em na prosi\u0119ta, warchlaki, tuczniki, lochy, loszki, knury i knurki ani bie\u017c\u0105cego aktualizowania tego spisu.<\/li>\n\n\n\n<li>Odst\u0105piono od obowi\u0105zku prowadzenia rejestru wje\u017cd\u017caj\u0105cych na teren gospodarstwa \u015brodk\u00f3w transportu do przewozu \u015bwi\u0144, paszy lub produkt\u00f3w ubocznych pochodzenia zwierz\u0119cego oraz rejestru wej\u015b\u0107 os\u00f3b do pomieszcze\u0144, w kt\u00f3rych s\u0105 utrzymywane \u015bwinie.<\/li>\n\n\n\n<li>Nie b\u0119dzie konieczno\u015bci stosowania si\u0119 do nakazu wykonywania w danym gospodarstwie czynno\u015bci zwi\u0105zanych z obs\u0142ug\u0105 \u015bwi\u0144 wy\u0142\u0105cznie przez osoby, kt\u00f3re wykonuj\u0105 te czynno\u015bci tylko w danym gospodarstwie.<\/li>\n\n\n\n<li>Odst\u0105piono od obowi\u0105zku stosowania przed obs\u0142ug\u0105 \u015bwi\u0144 \u015brodk\u00f3w higieny niezb\u0119dnych do ograniczenia ryzyka szerzenia si\u0119 afryka\u0144skiego pomoru \u015bwi\u0144 (ASF), w tym: mycia i odka\u017cania r\u0105k, oczyszczania i odka\u017cania obuwia, bie\u017c\u0105cego oczyszczania i odka\u017cania narz\u0119dzi oraz sprz\u0119t\u00f3w wykorzystywanych do obs\u0142ugi \u015bwi\u0144.<\/li>\n\n\n\n<li>Nie b\u0119dzie wymagane uniemo\u017cliwienie osobom postronnym wchodzenia do budynk\u00f3w, w kt\u00f3rych s\u0105 utrzymywane \u015bwinie.<\/li>\n\n\n\n<li>Nie b\u0119dzie obowi\u0105zkowe monitorowanie i zwalczanie gryzoni.<\/li>\n\n\n\n<li>W przypadku gospodarstw zlokalizowanych na obszarach obj\u0119tych ograniczeniami w zwi\u0105zku z wyst\u0119powaniem ASF i utrzymuj\u0105cych \u015bwinie wy\u0142\u0105cznie w celu produkcji mi\u0119sa na u\u017cytek w\u0142asny nie b\u0119dzie obowi\u0105zku wyk\u0142adania mat dezynfekcyjnych przed wej\u015bciami i wyj\u015bciami do gospodarstwa, a tak\u017ce przed wjazdami i wyjazdami z takich gospodarstw.<\/li>\n\n\n\n<li>Wprowadzono r\u00f3wnie\u017c zmiany w kwestii wykonywania badania laboratoryjnego w kierunku ASF w gospodarstwach zlokalizowanych na ww. obszarach obj\u0119tych ograniczeniami, wykonywanych przy uboju \u015bwi\u0144 na u\u017cytek w\u0142asny. Badanie to dla wszystkich obszar\u00f3w obj\u0119tych ograniczeniami b\u0119dzie wykonywane tylko w przypadku podejrzenia ASF. Decyzja dotycz\u0105ca konieczno\u015bci wykonania takiego badania pozostanie w gestii organ\u00f3w Inspekcji Weterynaryjnej.<\/li>\n<\/ul>\n","protected":false},"excerpt":{"rendered":"<p>Zgodnie z zapowiedzi\u0105 minister rolnictwa i rozwoju wsi Robert Telus 8 maja 2023 r. podpisa\u0142 rozporz\u0105dzenie, dzi\u0119ki kt\u00f3remu zostan\u0105 obni\u017cone<\/p>\n","protected":false},"author":1,"featured_media":4937,"comment_status":"closed","ping_status":"closed","sticky":false,"template":"","format":"standard","meta":{"colormag_page_container_layout":"default_layout","colormag_page_sidebar_layout":"default_layout","footnotes":""},"categories":[18,30],"tags":[],"class_list":["post-4936","post","type-post","status-publish","format-standard","has-post-thumbnail","hentry","category-aktualnosci","category-trzoda-chlewna"],"_links":{"self":[{"href":"http:\/\/technologia.kpodr.pl\/index.php\/wp-json\/wp\/v2\/posts\/4936","targetHints":{"allow":["GET"]}}],"collection":[{"href":"http:\/\/technologia.kpodr.pl\/index.php\/wp-json\/wp\/v2\/posts"}],"about":[{"href":"http:\/\/technologia.kpodr.pl\/index.php\/wp-json\/wp\/v2\/types\/post"}],"author":[{"embeddable":true,"href":"http:\/\/technologia.kpodr.pl\/index.php\/wp-json\/wp\/v2\/users\/1"}],"replies":[{"embeddable":true,"href":"http:\/\/technologia.kpodr.pl\/index.php\/wp-json\/wp\/v2\/comments?post=4936"}],"version-history":[{"count":3,"href":"http:\/\/technologia.kpodr.pl\/index.php\/wp-json\/wp\/v2\/posts\/4936\/revisions"}],"predecessor-version":[{"id":4940,"href":"http:\/\/technologia.kpodr.pl\/index.php\/wp-json\/wp\/v2\/posts\/4936\/revisions\/4940"}],"wp:featuredmedia":[{"embeddable":true,"href":"http:\/\/technologia.kpodr.pl\/index.php\/wp-json\/wp\/v2\/media\/4937"}],"wp:attachment":[{"href":"http:\/\/technologia.kpodr.pl\/index.php\/wp-json\/wp\/v2\/media?parent=4936"}],"wp:term":[{"taxonomy":"category","embeddable":true,"href":"http:\/\/technologia.kpodr.pl\/index.php\/wp-json\/wp\/v2\/categories?post=4936"},{"taxonomy":"post_tag","embeddable":true,"href":"http:\/\/technologia.kpodr.pl\/index.php\/wp-json\/wp\/v2\/tags?post=4936"}],"curies":[{"name":"wp","href":"https:\/\/api.w.org\/{rel}","templated":true}]}}