{"id":3428,"date":"2020-12-03T16:58:50","date_gmt":"2020-12-03T15:58:50","guid":{"rendered":"http:\/\/technologia.kpodr.pl\/?p=3428"},"modified":"2020-12-15T09:30:30","modified_gmt":"2020-12-15T08:30:30","slug":"kolekcja-odmian-w-grubnie-przed-zima","status":"publish","type":"post","link":"http:\/\/technologia.kpodr.pl\/index.php\/2020\/12\/03\/kolekcja-odmian-w-grubnie-przed-zima\/","title":{"rendered":"Kolekcja odmian w Grubnie przed zim\u0105"},"content":{"rendered":"\n<figure class=\"wp-block-table\"><table><tbody><tr><td>Trudno przewidzie\u0107 jaka b\u0119dzie sytuacja z pandemi\u0105 koronavirusa COVID-19. Jednak do\u015bwiadczenia tegoroczne sporo nas nauczy\u0142y i zmobilizowa\u0142y do nowego podej\u015bcia w prezentowaniu nowo\u015bci odmianowych. Przez internet mo\u017cna propagowa\u0107 do\u015b\u0107 skutecznie nowe idee i pokazywa\u0107 to co najlepsze. Jednocze\u015bnie, w przypadku kolekcji polowych, mo\u017cna skorzysta\u0107 z lustracji indywidualnie lub grupowo bezpo\u015brednio na polu.&nbsp;<strong>Zapraszamy do odwiedzania kolekcji w Minikowie, Grubnie, Chrz\u0105stowie, Fal\u0119cinie w innych okresach ni\u017c tylko wyznaczone na pocz\u0105tku czerwca Dni Pola<\/strong>. Internet daje mo\u017cliwo\u015b\u0107 zobaczenia i zapoznania si\u0119 wirtualnie z kolekcjami, a dost\u0119pno\u015b\u0107 p\u00f3l daje mo\u017cliwo\u015b\u0107 osobistego zapoznanie si\u0119 z propozycjami firm nasiennych i innych. W Minikowie prezentowane s\u0105 najlepsze technologie i odmiany w warunkach nawadniania. W Grubnie odmiany prezentowane s\u0105 w warunkach technologii ustalonej przez gospodarstwo, bez nawadniania i w jednakowych warunkach agrotechnicznych w konkretnych warunkach pogodowych danego roku. W Chrz\u0105stowie i Fal\u0119cinie prezentowane s\u0105 odmiany w formie do\u015bwiadcze\u0144 PDO \u2013 na 2 poziomach technologicznych z ochron\u0105 i bez ochrony.<br>26 sierpnia w Grubnie, zasiano siewnikiem Kverneland Accord, 29 odmian rzepaku ozimego. Zbo\u017ca zasiano 24 wrze\u015bnia, przy czym wysiano 43 odmiany pszenicy ozimej, 10 odmian j\u0119czmienia ozimego, 10 odmian \u017cyta ozimego oraz 14 odmian pszen\u017cyta ozimego. 15 pa\u017adziernika wysiano tak\u017ce 3 odmiany przew\u00f3dkowe \u017cyta jarego HR Smolice, (3 tygodnie po siewie zb\u00f3\u017c ozimych).<br>Przyszed\u0142 ju\u017c czas na podsumowanie zasiew\u00f3w i sprawdzenie, jak ro\u015bliny przygotowa\u0142y si\u0119 do zimowego spoczynku. Takiej lustracji dokonano na kolekcji w Grubnie w dniu 25 listopada.<br>Rzepak ozimy, zasiany na blokach 2A i 2B mo\u017cemy oceni\u0107 jako do\u015b\u0107 dobry. Obsada ro\u015blin na poletkach powinna zagwarantowa\u0107 odpowiedni\u0105 obsad\u0119 zdrowych ro\u015blin na wiosn\u0119. Nieco ni\u017csza ocena wynika z dw\u00f3ch stwierdzonych fakt\u00f3w. Po pierwsze, wschody nie by\u0142y wyr\u00f3wnane przez co ro\u015bliny wykazuj\u0105 pewne zr\u00f3\u017cnicowanie w wygl\u0105dzie \u2013 maj\u0105 szyjk\u0119 korzeniow\u0105 o \u015brednicy od 8 do nawet 15 mm i r\u00f3\u017cni\u0105 si\u0119 ilo\u015bci\u0105 li\u015bci \u2013 od 8 do 12. Jednak wi\u0119kszo\u015b\u0107 ro\u015blin ma bardzo dobrze zbudowany, zdrowy korze\u0144 i prawid\u0142ow\u0105 rozet\u0119 li\u015bci, dobrze skupionych wok\u00f3\u0142 szyjki korzeniowej.&nbsp;<\/td><\/tr><\/tbody><\/table><figcaption><br>  <\/figcaption><\/figure>\n\n\n\n<div class=\"wp-block-image\"><figure class=\"aligncenter is-resized\"><img loading=\"lazy\" decoding=\"async\" src=\"https:\/\/www.kpodr.pl\/wp-content\/uploads\/2020\/11\/lustr_25.11_Grubno_04.jpg\" alt=\"\" width=\"282\" height=\"188\"\/><figcaption>  <img decoding=\"async\" src=\"https:\/\/www.kpodr.pl\/wp-content\/uploads\/2020\/11\/lustr_25.11_Grubno_12.jpg\"><\/figcaption><\/figure><\/div>\n\n\n\n<p class=\"has-text-align-center\"><em>Wszystkie odmiany wygl\u0105daj\u0105 dobrze, a wi\u0119kszo\u015b\u0107 ro\u015blin jest w bardzo dobrej kondycji i dobrze przygotowana do zimy.<\/em><\/p>\n\n\n\n<figure class=\"wp-block-table\"><table><tbody><tr><td>Po drugie stwierdzono \u017cerowanie szkodnik\u00f3w \u2013 \u015bmietki kapu\u015bcianej oraz p\u0119drak\u00f3w chrab\u0105szcza majowego. Okaza\u0142o si\u0119, \u017ce najbardziej uszkodzone s\u0105 najwi\u0119ksze ro\u015bliny rzepaku, a wi\u0119c te kt\u00f3re wschodzi\u0142y jako pierwsze. Jednak og\u00f3lna ocena wygl\u0105du ro\u015blin pozwala z optymizmem patrze\u0107 na przysz\u0142o\u015b\u0107. Wykonane zabiegi chwastob\u00f3jcze zdecydowanie ograniczy\u0142y presj\u0119 chwast\u00f3w. Stosowano tak\u017ce intensywna ochron\u0119 chemiczn\u0105 przed szkodnikami i chorobami.<\/td><\/tr><\/tbody><\/table><\/figure>\n\n\n\n<figure class=\"wp-block-table\"><table><tbody><tr><td><img loading=\"lazy\" decoding=\"async\" alt=\"\" height=\"280\" src=\"https:\/\/www.kpodr.pl\/wp-content\/uploads\/2020\/11\/lustr_25.11_Grubno_11.jpg\" width=\"420\" srcset=\"https:\/\/www.kpodr.pl\/wp-content\/uploads\/2020\/11\/lustr_25.11_Grubno_11.jpg 420w, https:\/\/www.kpodr.pl\/wp-content\/uploads\/2020\/11\/lustr_25.11_Grubno_11-100x67.jpg 100w, https:\/\/www.kpodr.pl\/wp-content\/uploads\/2020\/11\/lustr_25.11_Grubno_11-300x200.jpg 300w\"><\/td><td><img loading=\"lazy\" decoding=\"async\" alt=\"\" height=\"280\" src=\"https:\/\/www.kpodr.pl\/wp-content\/uploads\/2020\/11\/lustr_25.11_Grubno_04a.jpg\" width=\"420\" srcset=\"https:\/\/www.kpodr.pl\/wp-content\/uploads\/2020\/11\/lustr_25.11_Grubno_04a.jpg 420w, https:\/\/www.kpodr.pl\/wp-content\/uploads\/2020\/11\/lustr_25.11_Grubno_04a-100x67.jpg 100w, https:\/\/www.kpodr.pl\/wp-content\/uploads\/2020\/11\/lustr_25.11_Grubno_04a-300x200.jpg 300w\"><\/td><\/tr><\/tbody><\/table><figcaption><em>Wida\u0107 zr\u00f3\u017cnicowanie wielko\u015bci korzenia najwcze\u015bniej wschodz\u0105cych ro\u015blin i rodzaje ich uszkodze\u0144 przez szkodniki oraz dobr\u0105 skuteczno\u015b\u0107 herbicydu.<\/em><br><\/figcaption><\/figure>\n\n\n\n<figure class=\"wp-block-table\"><table><tbody><tr><td>\u017byto ozime oraz przew\u00f3dki \u017cyta jarego zasiano na bloku 3 A. Stan wszystkich odmian \u017cyta jest bardzo dobry. Zyto ozime w pe\u0142ni si\u0119 rozkrzewi\u0142o i ma ju\u017c 5-6 p\u0119d\u00f3w, natomiast przew\u00f3dki \u017cyta jarego maj\u0105 2 3 li\u015bcie. Je\u015bli nie b\u0119dzie spadku temperatur, cz\u0119\u015b\u0107 ro\u015blin rozpocznie krzewienie co nie b\u0119dzie korzystne ze wzgl\u0119du na przezimowanie. To b\u0119dzie bardzo ciekawe do\u015bwiadczenie. Siew przew\u00f3dek nast\u0105pi\u0142 15 pa\u017adziernika i ro\u015bliny \u017cyta jarego rozwin\u0119\u0142y si\u0119 bardzo dobrze. To wp\u0142yw d\u0142ugiej ciep\u0142ej jesieni. Lepiej by\u0142o by gdyby przed zim\u0105 ro\u015bliny by\u0142y nieco mniej rozwini\u0119te, maj\u0105 wtedy wi\u0119ksz\u0105 odporno\u015b\u0107 na niskie temperatury \u2013 ale zobaczymy, mo\u017ce b\u0119dzie bardzo dobrze.<\/td><\/tr><\/tbody><\/table><\/figure>\n\n\n\n<figure class=\"wp-block-table\"><table><tbody><tr><td><img loading=\"lazy\" decoding=\"async\" alt=\"\" height=\"187\" src=\"https:\/\/www.kpodr.pl\/wp-content\/uploads\/2020\/11\/lustr_25.11_Grubno_31.jpg\" width=\"280\" srcset=\"https:\/\/www.kpodr.pl\/wp-content\/uploads\/2020\/11\/lustr_25.11_Grubno_31.jpg 280w, https:\/\/www.kpodr.pl\/wp-content\/uploads\/2020\/11\/lustr_25.11_Grubno_31-100x67.jpg 100w\"><\/td><td><img loading=\"lazy\" decoding=\"async\" alt=\"\" height=\"187\" src=\"https:\/\/www.kpodr.pl\/wp-content\/uploads\/2020\/11\/lustr_25.11_Grubno_34.jpg\" width=\"280\" srcset=\"https:\/\/www.kpodr.pl\/wp-content\/uploads\/2020\/11\/lustr_25.11_Grubno_34.jpg 280w, https:\/\/www.kpodr.pl\/wp-content\/uploads\/2020\/11\/lustr_25.11_Grubno_34-100x67.jpg 100w\"><\/td><td><img loading=\"lazy\" decoding=\"async\" alt=\"\" height=\"187\" src=\"https:\/\/www.kpodr.pl\/wp-content\/uploads\/2020\/11\/lustr_25.11_Grubno_40b.jpg\" width=\"280\" srcset=\"https:\/\/www.kpodr.pl\/wp-content\/uploads\/2020\/11\/lustr_25.11_Grubno_40b.jpg 280w, https:\/\/www.kpodr.pl\/wp-content\/uploads\/2020\/11\/lustr_25.11_Grubno_40b-100x67.jpg 100w\"><\/td><\/tr><\/tbody><\/table><figcaption><em>\u017byto ozime jest bardzo dobrze rozkrzewione i w bardzo dobrej kondycji.<\/em><br><br><\/figcaption><\/figure>\n\n\n\n<figure class=\"wp-block-table\"><table><tbody><tr><td><img decoding=\"async\" src=\"https:\/\/www.kpodr.pl\/wp-content\/uploads\/2020\/11\/lustr_25.11_Grubno_36c.jpg\" alt=\"Obrazek posiada pusty atrybut alt; plik o nazwie lustr_25.11_Grubno_36c.jpg\"><\/td><td><img decoding=\"async\" src=\"https:\/\/www.kpodr.pl\/wp-content\/uploads\/2020\/11\/lustr_25.11_Grubno_37.jpg\"><\/td><td><img decoding=\"async\" src=\"https:\/\/www.kpodr.pl\/wp-content\/uploads\/2020\/11\/lustr_25.11_Grubno_42.jpg\"><\/td><\/tr><\/tbody><\/table><figcaption><em><em>Przew\u00f3dki \u017cyta jarego rozpoczynaj\u0105 blok 3A. Wschody s\u0105 r\u00f3wne i bardzo dobre, obecnie w fazie 2-3 li\u015bci.<\/em><\/em><br><\/figcaption><\/figure>\n\n\n\n<p><\/p>\n\n\n\n<p>Na bloku 3 B zasiano j\u0119czmie\u0144 ozimy i pszen\u017cyto ozime. Obsada ro\u015blin po wschodach jest dobra, stan ro\u015blin r\u00f3wnie\u017c nie budzi wi\u0119kszych zastrze\u017ce\u0144. Ro\u015bliny j\u0119czmienia ozimego dobrze si\u0119 ju\u017c rozkrzewi\u0142y i maj\u0105 4-5 p\u0119d\u00f3w. Minusem s\u0105 tu nieco wi\u0119ksze oznaki chor\u00f3b na najstarszych li\u015bciach. Pszen\u017cyto jest na etapie 3-4 rozkrzewie\u0144 i oznak chor\u00f3b na li\u015bciach mniej ni\u017c w j\u0119czmieniu.<\/p>\n\n\n\n<figure class=\"wp-block-table\"><table><tbody><tr><td><img loading=\"lazy\" decoding=\"async\" alt=\"\" height=\"187\" src=\"https:\/\/www.kpodr.pl\/wp-content\/uploads\/2020\/11\/lustr_25.11_Grubno_32_pszenzyto_oz.jpg\" width=\"280\" srcset=\"https:\/\/www.kpodr.pl\/wp-content\/uploads\/2020\/11\/lustr_25.11_Grubno_32_pszenzyto_oz.jpg 280w, https:\/\/www.kpodr.pl\/wp-content\/uploads\/2020\/11\/lustr_25.11_Grubno_32_pszenzyto_oz-100x67.jpg 100w\"><\/td><td><img loading=\"lazy\" decoding=\"async\" alt=\"\" height=\"187\" src=\"https:\/\/www.kpodr.pl\/wp-content\/uploads\/2020\/11\/lustr_25.11_Grubno_43.jpg\" width=\"280\" srcset=\"https:\/\/www.kpodr.pl\/wp-content\/uploads\/2020\/11\/lustr_25.11_Grubno_43.jpg 280w, https:\/\/www.kpodr.pl\/wp-content\/uploads\/2020\/11\/lustr_25.11_Grubno_43-100x67.jpg 100w\"><\/td><td><img loading=\"lazy\" decoding=\"async\" alt=\"\" height=\"187\" src=\"https:\/\/www.kpodr.pl\/wp-content\/uploads\/2020\/11\/lustr_25.11_Grubno_44b.jpg\" width=\"280\" srcset=\"https:\/\/www.kpodr.pl\/wp-content\/uploads\/2020\/11\/lustr_25.11_Grubno_44b.jpg 280w, https:\/\/www.kpodr.pl\/wp-content\/uploads\/2020\/11\/lustr_25.11_Grubno_44b-100x67.jpg 100w\"><\/td><\/tr><\/tbody><\/table><figcaption><em>J\u0119czmie\u0144 ozimy na bloku 3 B jest dobrze rozkrzewiony. Na starszych li\u015bciach widoczne niewielkie zmiany chorobowe.<\/em><br><\/figcaption><\/figure>\n\n\n\n<figure class=\"wp-block-table\"><table><tbody><tr><td><img loading=\"lazy\" decoding=\"async\" height=\"187\" width=\"280\" srcset=\"https:\/\/www.kpodr.pl\/wp-content\/uploads\/2020\/11\/lustr_25.11_Grubno_52.jpg 280w, https:\/\/www.kpodr.pl\/wp-content\/uploads\/2020\/11\/lustr_25.11_Grubno_52-100x67.jpg 100w\" alt=\"\" src=\"https:\/\/www.kpodr.pl\/wp-content\/uploads\/2020\/11\/lustr_25.11_Grubno_52.jpg\"><\/td><td><img loading=\"lazy\" decoding=\"async\" height=\"187\" width=\"280\" srcset=\"https:\/\/www.kpodr.pl\/wp-content\/uploads\/2020\/11\/lustr_25.11_Grubno_50.jpg 280w, https:\/\/www.kpodr.pl\/wp-content\/uploads\/2020\/11\/lustr_25.11_Grubno_50-100x67.jpg 100w\" alt=\"\" src=\"https:\/\/www.kpodr.pl\/wp-content\/uploads\/2020\/11\/lustr_25.11_Grubno_50.jpg\"><\/td><td><img loading=\"lazy\" decoding=\"async\" height=\"187\" width=\"280\" srcset=\"https:\/\/www.kpodr.pl\/wp-content\/uploads\/2020\/11\/lustr_25.11_Grubno_46.jpg 280w, https:\/\/www.kpodr.pl\/wp-content\/uploads\/2020\/11\/lustr_25.11_Grubno_46-100x67.jpg 100w\" alt=\"\" src=\"https:\/\/www.kpodr.pl\/wp-content\/uploads\/2020\/11\/lustr_25.11_Grubno_46.jpg\"><\/td><\/tr><\/tbody><\/table><figcaption><em><em>Tak wygl\u0105daj\u0105 ro\u015bliny pszen\u017cyta przed zim\u0105.<\/em><\/em><br><\/figcaption><\/figure>\n\n\n\n<p><\/p>\n\n\n\n<p>Jak zawsze pszenica ozima spo\u015br\u00f3d zb\u00f3\u017c cieszy si\u0119 najwi\u0119kszym zainteresowaniem rolnik\u00f3w naszego regionu. To zrozumia\u0142e, gdy\u017c ma ona dla regionu obok kukurydzy i j\u0119czmienia najwi\u0119ksze znaczenie. W Grubnie na jubileuszowe XXV Dni Pola, na blokach 1 A i 1 B wysiano 43 odmiany pszenicy ozimej. Wysiane w optymalnym terminie odmiany pszenic bardzo dobrze, r\u00f3wno wzesz\u0142y i rozkrzewi\u0142y si\u0119. Obecnie ro\u015bliny maj\u0105 2-3 p\u0119dy i s\u0105 w bardzo dobrej kondycji. Zastosowana ochrona herbicydowa na razie jest skuteczna, stan zdrowotny ro\u015blin r\u00f3wnie\u017c nie budzi zastrze\u017ce\u0144.<\/p>\n\n\n\n<p><\/p>\n\n\n\n<figure class=\"wp-block-table\"><table><tbody><tr><td><img loading=\"lazy\" decoding=\"async\" height=\"187\" width=\"280\" srcset=\"https:\/\/www.kpodr.pl\/wp-content\/uploads\/2020\/11\/lustr_25.11_Grubno_60_pszenica.jpg 280w, https:\/\/www.kpodr.pl\/wp-content\/uploads\/2020\/11\/lustr_25.11_Grubno_60_pszenica-100x67.jpg 100w\" alt=\"\" src=\"https:\/\/www.kpodr.pl\/wp-content\/uploads\/2020\/11\/lustr_25.11_Grubno_60_pszenica.jpg\"><\/td><td><img loading=\"lazy\" decoding=\"async\" height=\"187\" width=\"280\" srcset=\"https:\/\/www.kpodr.pl\/wp-content\/uploads\/2020\/11\/lustr_25.11_Grubno_61_pszenica.jpg 280w, https:\/\/www.kpodr.pl\/wp-content\/uploads\/2020\/11\/lustr_25.11_Grubno_61_pszenica-100x67.jpg 100w\" alt=\"\" src=\"https:\/\/www.kpodr.pl\/wp-content\/uploads\/2020\/11\/lustr_25.11_Grubno_61_pszenica.jpg\"><\/td><td><img loading=\"lazy\" decoding=\"async\" height=\"187\" width=\"280\" srcset=\"https:\/\/www.kpodr.pl\/wp-content\/uploads\/2020\/11\/lustr_25.11_Grubno_66_pszenica.jpg 280w, https:\/\/www.kpodr.pl\/wp-content\/uploads\/2020\/11\/lustr_25.11_Grubno_66_pszenica-100x67.jpg 100w\" alt=\"\" src=\"https:\/\/www.kpodr.pl\/wp-content\/uploads\/2020\/11\/lustr_25.11_Grubno_66_pszenica.jpg\"><\/td><\/tr><\/tbody><\/table><figcaption><em><em><em>Pszenica ozima wzesz\u0142a r\u00f3wno i wygl\u0105da bardzo dobrze przed zim\u0105.<\/em><\/em><\/em><\/figcaption><\/figure>\n\n\n\n<p><\/p>\n\n\n\n<p>Podsumowuj\u0105c trzeba stwierdzi\u0107, \u017ce warunki tegorocznej jesieni sprzyja\u0142y zasiewom ozimin. W stosunku do roku ubieg\u0142ego stan poletek demonstracyjnych jest znacznie lepszy w przypadku rzepaku, a zb\u00f3\u017c r\u00f3wnie dobry jak w bardzo udanym roku ubieg\u0142ym. O ile zim\u0105 nie wyst\u0105pi\u0105 istotne zagro\u017cenia, a zw\u0142aszcza wymarzanie i wysmalanie, ro\u015bliny ozime powinny w dobrej kondycji dotrwa\u0107 do wiosny.<\/p>\n\n\n\n<p>Zapraszamy do korzystania z naszej oferty demonstracyjnej Krajowych Dni Pola w Minikowie i imprez towarzysz\u0105cych.<br>Relacje s\u0105 dost\u0119pne na stronie&nbsp;<strong>www.kpodr.pl<\/strong>&nbsp;pod has\u0142em&nbsp;<strong><a href=\"http:\/\/dnipola.kpodr.pl\/\">Krajowe Dni Pola Minikowo 2021<\/a>&nbsp;(kolekcja w Minikowie)<\/strong><br>i<a href=\"https:\/\/www.kpodr.pl\/xx-kujawsko-pomorskie-dni-pola-relacja\/\">&nbsp;<strong>Kujawsko-Pomorskie DNI POLA 2021 w Grubnie<\/strong>&nbsp;<\/a><strong>&nbsp;(kolekcja w Grubnie).<\/strong><\/p>\n\n\n\n<p>Inne artyku\u0142y:<\/p>\n\n\n\n<p><a href=\"https:\/\/kpodr.pl\/zasiano-oziminy-na-xxv-kujawsko-pomorskie-dni-pola-grubno-2021\/\"><strong>W Grubnie zasiano przew\u00f3dki \u2013 lustracja \u201313.10.2020<\/strong><\/a><\/p>\n\n\n\n<p><a href=\"https:\/\/kpodr.pl\/zasiano-oziminy-na-xxv-kujawsko-pomorskie-dni-pola-grubno-2021\/\"><strong>Zasiano oziminy na XXV Kujawsko-Pomorskie DNI POLA w Grubnie&nbsp; 24.09.2020<\/strong><\/a><\/p>\n\n\n\n<p><a href=\"https:\/\/kpodr.pl\/rzepak-w-grubnie-juz-zasiany-26-08-2020\/\"><strong>Rzepak w Grubnie ju\u017c zasiany 26.08.2020<\/strong><\/a><\/p>\n\n\n\n<p class=\"has-text-align-right\"><em>tekst:<br>Marek Radzimierski<\/em><br><em>G\u0142\u00f3wny specjalista ds. zb\u00f3\u017c<\/em><\/p>\n\n\n\n<p class=\"has-text-align-right\"><em>zdj\u0119cia:<br>Marek Rz\u0105sa<\/em><\/p>\n\n\n\n<p class=\"has-text-align-right\"><em>Kujawsko-Pomorski O\u015brodek<br>Doradztwa Rolniczego<br>Oddzia\u0142 w Przysieku<\/em><\/p>\n\n\n\n<figure class=\"wp-block-embed-wordpress wp-block-embed is-type-wp-embed is-provider-kujawsko-pomorski-osrodek-doradztwa-rolniczego\"><div class=\"wp-block-embed__wrapper\">\n<blockquote class=\"wp-embedded-content\" data-secret=\"eVUUcd3f94\"><a href=\"https:\/\/www.kpodr.pl\/kolekcja-odmian-w-grubnie-przed-zima\/\">Kolekcja odmian w  Grubnie przed zim\u0105<\/a><\/blockquote><iframe loading=\"lazy\" class=\"wp-embedded-content\" sandbox=\"allow-scripts\" security=\"restricted\" style=\"position: absolute; clip: rect(1px, 1px, 1px, 1px);\" title=\"&#8222;Kolekcja odmian w  Grubnie przed zim\u0105&#8221; &#8212; Kujawsko-Pomorski O\u015brodek Doradztwa Rolniczego\" src=\"https:\/\/www.kpodr.pl\/kolekcja-odmian-w-grubnie-przed-zima\/embed\/#?secret=eVUUcd3f94\" data-secret=\"eVUUcd3f94\" width=\"600\" height=\"338\" frameborder=\"0\" marginwidth=\"0\" marginheight=\"0\" scrolling=\"no\"><\/iframe>\n<\/div><\/figure>\n","protected":false},"excerpt":{"rendered":"<p>Trudno przewidzie\u0107 jaka b\u0119dzie sytuacja z pandemi\u0105 koronavirusa COVID-19. Jednak do\u015bwiadczenia tegoroczne sporo nas nauczy\u0142y i zmobilizowa\u0142y do nowego podej\u015bcia<\/p>\n","protected":false},"author":1,"featured_media":3430,"comment_status":"closed","ping_status":"closed","sticky":false,"template":"","format":"standard","meta":{"colormag_page_container_layout":"default_layout","colormag_page_sidebar_layout":"default_layout","footnotes":""},"categories":[18,11],"tags":[],"class_list":["post-3428","post","type-post","status-publish","format-standard","has-post-thumbnail","hentry","category-aktualnosci","category-zboza"],"_links":{"self":[{"href":"http:\/\/technologia.kpodr.pl\/index.php\/wp-json\/wp\/v2\/posts\/3428","targetHints":{"allow":["GET"]}}],"collection":[{"href":"http:\/\/technologia.kpodr.pl\/index.php\/wp-json\/wp\/v2\/posts"}],"about":[{"href":"http:\/\/technologia.kpodr.pl\/index.php\/wp-json\/wp\/v2\/types\/post"}],"author":[{"embeddable":true,"href":"http:\/\/technologia.kpodr.pl\/index.php\/wp-json\/wp\/v2\/users\/1"}],"replies":[{"embeddable":true,"href":"http:\/\/technologia.kpodr.pl\/index.php\/wp-json\/wp\/v2\/comments?post=3428"}],"version-history":[{"count":5,"href":"http:\/\/technologia.kpodr.pl\/index.php\/wp-json\/wp\/v2\/posts\/3428\/revisions"}],"predecessor-version":[{"id":3444,"href":"http:\/\/technologia.kpodr.pl\/index.php\/wp-json\/wp\/v2\/posts\/3428\/revisions\/3444"}],"wp:featuredmedia":[{"embeddable":true,"href":"http:\/\/technologia.kpodr.pl\/index.php\/wp-json\/wp\/v2\/media\/3430"}],"wp:attachment":[{"href":"http:\/\/technologia.kpodr.pl\/index.php\/wp-json\/wp\/v2\/media?parent=3428"}],"wp:term":[{"taxonomy":"category","embeddable":true,"href":"http:\/\/technologia.kpodr.pl\/index.php\/wp-json\/wp\/v2\/categories?post=3428"},{"taxonomy":"post_tag","embeddable":true,"href":"http:\/\/technologia.kpodr.pl\/index.php\/wp-json\/wp\/v2\/tags?post=3428"}],"curies":[{"name":"wp","href":"https:\/\/api.w.org\/{rel}","templated":true}]}}